{"id":378,"date":"2021-12-21T07:15:37","date_gmt":"2021-12-21T07:15:37","guid":{"rendered":"http:\/\/csep.hu\/?p=378"},"modified":"2021-12-21T07:25:10","modified_gmt":"2021-12-21T07:25:10","slug":"kulteruleti-helyi-kozutak-fejlesztese-onkormanyzati-utak-kezelesehez-allapotjavitasahoz-szukseges-ero-es-munkagepek-beszerzese","status":"publish","type":"post","link":"http:\/\/csep.hu\/?p=378","title":{"rendered":"K\u00fclter\u00fcleti helyi k\u00f6zutak fejleszt\u00e9se, \u00f6nkorm\u00e1nyzati utak kezel\u00e9s\u00e9hez, \u00e1llapotjav\u00edt\u00e1s\u00e1hoz sz\u00fcks\u00e9ges er\u0151-\u00e9s munkag\u00e9pek beszerz\u00e9se"},"content":{"rendered":"<p>Cs\u00e9p K\u00f6zs\u00e9g \u00d6nkorm\u00e1nyzata a VP6-7.2.1-7.4.1.2-16 jel\u0171 \u201eK\u00fclter\u00fcleti helyi k\u00f6zutak fejleszt\u00e9se, \u00f6nkorm\u00e1nyzati utak kezel\u00e9s\u00e9hez, \u00e1llapotjav\u00edt\u00e1s\u00e1hoz, karbantart\u00e1s\u00e1hoz sz\u00fcks\u00e9ges er\u0151- \u00e9s munkag\u00e9pek beszerz\u00e9se<em>\u201d <\/em>p\u00e1ly\u00e1zati ki\u00edr\u00e1sra 2017.02.06-\u00e1n p\u00e1ly\u00e1zati k\u00e9relmet ny\u00fajtott be, \u201eK\u00fclter\u00fcleti helyi k\u00f6zutak fejleszt\u00e9se, \u00f6nkorm\u00e1nyzati utak kezel\u00e9s\u00e9hez, \u00e1llapotjav\u00edt\u00e1s\u00e1hoz, karbantart\u00e1s\u00e1hoz sz\u00fcks\u00e9ges er\u0151- \u00e9s munkag\u00e9pek beszerz\u00e9se Cs\u00e9pen\u201d c\u00edmmel.<\/p>\n<p>A T\u00e1mogat\u00f3 a k\u00e9relmet elb\u00edr\u00e1lta \u00e9s t\u00e1mogat\u00e1sra alkalmasnak min\u0151s\u00edtette 2018.03.26-\u00e1n.<\/p>\n<p>A fejleszt\u00e9s c\u00e9lja a 079, 080, 093 hrsz-on nyilv\u00e1ntartott k\u00fclter\u00fcleti utak mechanikai stabiliz\u00e1ci\u00f3ja.<\/p>\n<p>Az utak fejleszt\u00e9se a telep\u00fcl\u00e9s k\u00fclter\u00fclet\u00e9n tal\u00e1lhat\u00f3 mez\u0151gazdas\u00e1gi f\u00f6ldter\u00fcletek, gazdas\u00e1gok k\u00f6nnyebb megk\u00f6zel\u00edthet\u0151s\u00e9ge \u00e9rdek\u00e9ben v\u00e1lt sz\u00fcks\u00e9gess\u00e9. A k\u00fclter\u00fcleti utak a rendszeres karbantart\u00e1sok ellen\u00e9re csapad\u00e9kos id\u0151szakban nehezen voltak j\u00e1rhat\u00f3ak.<\/p>\n<p>A nyertes v\u00e1llalkoz\u00f3, Gombos F\u00f6ldg\u00e9p Kft. szerz\u0151d\u00e9snek megfelel\u0151en megval\u00f3s\u00edtotta a kivitelez\u00e9st, melyet S\u00e1fr\u00e1n J\u00f3zsef m\u0171szaki ellen\u0151r fel\u00fcgyelt. 2019. november 22-\u00e9n az \u00e9p\u00edt\u00e9si napl\u00f3 lez\u00e1r\u00e1sra ker\u00fclt, megt\u00f6rt\u00e9nt az \u00e9p\u00edt\u00e9si helysz\u00edn \u00e1tad\u00e1s- \u00e1tv\u00e9tele.<\/p>\n<p>Az elk\u00e9sz\u00fclt \u00faton Cs\u00e9p lakosai biztons\u00e1ggal k\u00f6zlekednek, az id\u0151j\u00e1r\u00e1si k\u00f6r\u00fclm\u00e9nyek m\u00e1r nem befoly\u00e1solj\u00e1k az \u00fat haszn\u00e1lat\u00e1t.<\/p>\n<p><a href=\"http:\/\/csep.hu\/wp-content\/uploads\/2021\/12\/T\u00c1BLAK\u00c9P.jpg\"><img loading=\"lazy\" decoding=\"async\" class=\"aligncenter size-medium wp-image-380\" src=\"http:\/\/csep.hu\/wp-content\/uploads\/2021\/12\/T\u00c1BLAK\u00c9P-300x212.jpg\" alt=\"T\u00c1BLAK\u00c9P\" width=\"300\" height=\"212\" srcset=\"http:\/\/csep.hu\/wp-content\/uploads\/2021\/12\/T\u00c1BLAK\u00c9P-300x212.jpg 300w, http:\/\/csep.hu\/wp-content\/uploads\/2021\/12\/T\u00c1BLAK\u00c9P-1024x724.jpg 1024w, http:\/\/csep.hu\/wp-content\/uploads\/2021\/12\/T\u00c1BLAK\u00c9P-750x530.jpg 750w\" sizes=\"(max-width: 300px) 100vw, 300px\" \/><\/a><\/p>\n","protected":false},"excerpt":{"rendered":"<p>Cs\u00e9p K\u00f6zs\u00e9g \u00d6nkorm\u00e1nyzata a VP6-7.2.1-7.4.1.2-16 jel\u0171 \u201eK\u00fclter\u00fcleti helyi k\u00f6zutak fejleszt\u00e9se, \u00f6nkorm\u00e1nyzati utak kezel\u00e9s\u00e9hez, \u00e1llapotjav\u00edt\u00e1s\u00e1hoz, karbantart\u00e1s\u00e1hoz sz\u00fcks\u00e9ges er\u0151- \u00e9s munkag\u00e9pek beszerz\u00e9se\u201d p\u00e1ly\u00e1zati ki\u00edr\u00e1sra 2017.02.06-\u00e1n p\u00e1ly\u00e1zati k\u00e9relmet ny\u00fajtott be, \u201eK\u00fclter\u00fcleti helyi k\u00f6zutak fejleszt\u00e9se, \u00f6nkorm\u00e1nyzati utak kezel\u00e9s\u00e9hez, \u00e1llapotjav\u00edt\u00e1s\u00e1hoz, karbantart\u00e1s\u00e1hoz sz\u00fcks\u00e9ges er\u0151- \u00e9s munkag\u00e9pek beszerz\u00e9se Cs\u00e9pen\u201d c\u00edmmel. A T\u00e1mogat\u00f3 a k\u00e9relmet elb\u00edr\u00e1lta \u00e9s t\u00e1mogat\u00e1sra alkalmasnak min\u0151s\u00edtette 2018.03.26-\u00e1n. A fejleszt\u00e9s [&hellip;]<\/p>\n","protected":false},"author":1,"featured_media":0,"comment_status":"closed","ping_status":"closed","sticky":false,"template":"","format":"standard","meta":{"footnotes":""},"categories":[1],"tags":[],"_links":{"self":[{"href":"http:\/\/csep.hu\/index.php?rest_route=\/wp\/v2\/posts\/378"}],"collection":[{"href":"http:\/\/csep.hu\/index.php?rest_route=\/wp\/v2\/posts"}],"about":[{"href":"http:\/\/csep.hu\/index.php?rest_route=\/wp\/v2\/types\/post"}],"author":[{"embeddable":true,"href":"http:\/\/csep.hu\/index.php?rest_route=\/wp\/v2\/users\/1"}],"replies":[{"embeddable":true,"href":"http:\/\/csep.hu\/index.php?rest_route=%2Fwp%2Fv2%2Fcomments&post=378"}],"version-history":[{"count":1,"href":"http:\/\/csep.hu\/index.php?rest_route=\/wp\/v2\/posts\/378\/revisions"}],"predecessor-version":[{"id":381,"href":"http:\/\/csep.hu\/index.php?rest_route=\/wp\/v2\/posts\/378\/revisions\/381"}],"wp:attachment":[{"href":"http:\/\/csep.hu\/index.php?rest_route=%2Fwp%2Fv2%2Fmedia&parent=378"}],"wp:term":[{"taxonomy":"category","embeddable":true,"href":"http:\/\/csep.hu\/index.php?rest_route=%2Fwp%2Fv2%2Fcategories&post=378"},{"taxonomy":"post_tag","embeddable":true,"href":"http:\/\/csep.hu\/index.php?rest_route=%2Fwp%2Fv2%2Ftags&post=378"}],"curies":[{"name":"wp","href":"https:\/\/api.w.org\/{rel}","templated":true}]}}